{"id":21418,"date":"2019-12-04T16:31:41","date_gmt":"2019-12-04T16:31:41","guid":{"rendered":"https:\/\/cypripedium.at\/?p=21418"},"modified":"2021-01-19T12:19:54","modified_gmt":"2021-01-19T12:19:54","slug":"canarina","status":"publish","type":"post","link":"https:\/\/cypripedium.at\/?p=21418","title":{"rendered":"Canarina"},"content":{"rendered":"\n<h2 class=\"has-text-align-center\"><strong><em>Canarina canariensis<\/em>, in wenigen Monaten vom Samen bis zur Bl\u00fcte<\/strong><\/h2>\n\n\n\n<hr class=\"wp-block-separator\"\/>\n\n\n\n<p>Die Anzucht aus Samen und Weiterkultur bis zur Bl\u00fcte von&nbsp;<em>Canaria canariensis<\/em>&nbsp;ist sehr einfach und rasch zu bew\u00e4ltigen. Die Kanaren-Glockenblumen erweist sich dabei als sehr kulturw\u00fcrdige Zimmerpflanze, die mit wundersch\u00f6nen, orangen Glocken bereits 4 Monate nach der Aussaat beim Autor erbl\u00fchte.<\/p>\n\n\n\n<h5><strong>Systematik<\/strong><\/h5>\n\n\n\n<p>Der Gattung&nbsp;<em>Canarina<\/em>&nbsp;werden 3 Arten zugeordnet, die einzigen kletternden Vertreter der Familie der Glockenblumengew\u00e4chse (&nbsp;<em>Campanulaceae<\/em>&nbsp;). Innerhalb der Unterfamilie&nbsp;<em>Campanuloideae<\/em>&nbsp;, wird die Gattung in die Verwandschaftsgruppe zu&nbsp;<em>Campanumoea<\/em>,&nbsp;<em>Codonopsis<\/em>,&nbsp;<em>Cyananthus<\/em>,&nbsp;<em>Leptocodon<\/em>&nbsp;und&nbsp;<em>Platycodon<\/em>&nbsp;gestellt. [2]<\/p>\n\n\n\n<h5><strong>Arten und ihre Verbreitung<\/strong><\/h5>\n\n\n\n<p>Der Gattung werden 3 Arten zugeordnet:<\/p>\n\n\n\n<p><em>C. abyssinica<\/em>&nbsp;&nbsp;Engl.&nbsp;&nbsp;&nbsp;&nbsp;&nbsp;&nbsp;&nbsp;&nbsp;&nbsp;&nbsp;&nbsp;&nbsp;&nbsp;&nbsp;&nbsp;&nbsp;&nbsp;&nbsp;&nbsp;&nbsp;&nbsp;&nbsp;&nbsp;&nbsp;&nbsp;&nbsp;&nbsp;&nbsp;Verbreitet von Nord-Tansania bis \u00c4thiopien<\/p>\n\n\n\n<p><em>C. canariensis<\/em>&nbsp;&nbsp;L.&nbsp;&nbsp;&nbsp;&nbsp;&nbsp;&nbsp;&nbsp;&nbsp;&nbsp;&nbsp;&nbsp;&nbsp;&nbsp;&nbsp;&nbsp;&nbsp;&nbsp;&nbsp;&nbsp;&nbsp;&nbsp;&nbsp;&nbsp;&nbsp;&nbsp;&nbsp;&nbsp;&nbsp;&nbsp;&nbsp;&nbsp;Endemisch auf den Kanarischen Inseln<\/p>\n\n\n\n<p><em>C. eminii<\/em>&nbsp;Asch. &amp; Schweinf.&nbsp;&nbsp;&nbsp;&nbsp;&nbsp;&nbsp;&nbsp;&nbsp;&nbsp;&nbsp;&nbsp;&nbsp;&nbsp;&nbsp;&nbsp;Verbreitet im tropischen Ostafrika bis \u00c4thiopien<\/p>\n\n\n\n<p>Die Arten&nbsp;<em>C. zanguebar<\/em>&nbsp;Lour.,&nbsp;<em>C. moluccana<\/em>&nbsp;Roxb.,&nbsp;<em>C. laevigata<\/em>&nbsp;G.Don ex Loud und C. elegantissima berechtigt kein eigener Artstatus bzw. sind ung\u00fcltige Beschreibungen.<\/p>\n\n\n\n<p>Die Verbreitungsl\u00fccken ( Disjunktionen ) lassen sich damit erkl\u00e4ren, dass es im Terti\u00e4r zu klimatischen und topographischen Ver\u00e4nderungen kam, die das einstmalige geschlossene Verbreitungsareal dieser Taxa splittete. ( vgl. Braunwell [1]s. 228 )<\/p>\n\n\n\n<p>Alle Arten weisen die identische Chromosomenzahl auf, 2n=34, es wurden aber auch tetraploide Pflanzen gefunden.<\/p>\n\n\n\n<h5><strong>Die Kanaren-Glockenblume<\/strong><\/h5>\n\n\n\n<p>Die Kanaren-Glockenblume,&nbsp;<em>Canaria canariensis<\/em>&nbsp;, ist die Nationalblume der Kanarischen Inseln. Von Einheimischen wird sie ` Bic\u00e1caro` genannt. Zusammen mit&nbsp;<em>Isoplexis canariensis<\/em>, ist sie als terti\u00e4res Relikt des Lorbeerwaldes zu sehen.<\/p>\n\n\n\n<p><em>C. canariensis<\/em>&nbsp;ist ein Endemit der vor der K\u00fcste Nordwestafrikas liegenden Kanarischen Inseln. Auf den Inseln Gran Canaria, Teneriffa, La Palma und La Gomera sind Pflanzen zu finden.<\/p>\n\n\n\n<h5><strong>Standorte<\/strong><\/h5>\n\n\n\n<p>Standorte sind feuchte, schattige Lorbeerw\u00e4lder&nbsp;<br>( Laurisilva ) , in einer H\u00f6henlage von 500 bis 1200m. Passatwolken speisen den Standort mit ausreichend Feuchtigkeit. Die Niederschl\u00e4ge lassen eine immergr\u00fcne Vegetation mit zahlreichen Farnen und Moosen entstehen. Die sch\u00f6nsten Best\u00e4nde befinden sich im Anaga-Gebirge&nbsp;<br>( Mercedes-Wald ) , im Nordosten von Teneriffa.<\/p>\n\n\n\n<figure class=\"wp-block-image size-large\"><img decoding=\"async\" loading=\"lazy\" width=\"750\" height=\"500\" src=\"https:\/\/cypripedium.at\/wp-content\/uploads\/2019\/12\/Standort-von-C.-canariensis.jpg\" alt=\"\" class=\"wp-image-21419\" srcset=\"https:\/\/cypripedium.at\/wp-content\/uploads\/2019\/12\/Standort-von-C.-canariensis.jpg 750w, https:\/\/cypripedium.at\/wp-content\/uploads\/2019\/12\/Standort-von-C.-canariensis-600x400.jpg 600w, https:\/\/cypripedium.at\/wp-content\/uploads\/2019\/12\/Standort-von-C.-canariensis-300x200.jpg 300w\" sizes=\"(max-width: 750px) 100vw, 750px\" \/><figcaption>Standort von&nbsp;<em>Canarina canariensis<\/em>&nbsp;im Anaga-Gebirge<\/figcaption><\/figure>\n\n\n\n<h5><strong>Morphologie<\/strong><\/h5>\n\n\n\n<figure class=\"is-layout-flex wp-block-gallery-1 wp-block-gallery columns-2 is-cropped\"><ul class=\"blocks-gallery-grid\"><li class=\"blocks-gallery-item\"><figure><a href=\"https:\/\/cypripedium.at\/wp-content\/uploads\/2019\/12\/Canarina-Pflanze.jpg\"><img decoding=\"async\" loading=\"lazy\" width=\"500\" height=\"750\" src=\"https:\/\/cypripedium.at\/wp-content\/uploads\/2019\/12\/Canarina-Pflanze.jpg\" alt=\"\" data-id=\"21420\" data-link=\"https:\/\/cypripedium.at\/?attachment_id=21420\" class=\"wp-image-21420\" srcset=\"https:\/\/cypripedium.at\/wp-content\/uploads\/2019\/12\/Canarina-Pflanze.jpg 500w, https:\/\/cypripedium.at\/wp-content\/uploads\/2019\/12\/Canarina-Pflanze-200x300.jpg 200w\" sizes=\"(max-width: 500px) 100vw, 500px\" \/><\/a><figcaption class=\"blocks-gallery-item__caption\">Habitus von&nbsp;<em>Canarina canariensis<\/em>, Anaga-Gebirge ( NO Teneriffa )<\/figcaption><\/figure><\/li><li class=\"blocks-gallery-item\"><figure><a href=\"https:\/\/cypripedium.at\/wp-content\/uploads\/2019\/12\/Canarina-Standort.jpg\"><img decoding=\"async\" loading=\"lazy\" width=\"500\" height=\"750\" src=\"https:\/\/cypripedium.at\/wp-content\/uploads\/2019\/12\/Canarina-Standort.jpg\" alt=\"\" data-id=\"21421\" data-full-url=\"https:\/\/cypripedium.at\/wp-content\/uploads\/2019\/12\/Canarina-Standort.jpg\" data-link=\"https:\/\/cypripedium.at\/?attachment_id=21421\" class=\"wp-image-21421\" srcset=\"https:\/\/cypripedium.at\/wp-content\/uploads\/2019\/12\/Canarina-Standort.jpg 500w, https:\/\/cypripedium.at\/wp-content\/uploads\/2019\/12\/Canarina-Standort-200x300.jpg 200w\" sizes=\"(max-width: 500px) 100vw, 500px\" \/><\/a><figcaption class=\"blocks-gallery-item__caption\">Bl\u00fcte von&nbsp;<em>Canarina canariensis<\/em>, ( SW Teneriffa )<\/figcaption><\/figure><\/li><\/ul><\/figure>\n\n\n\n<h5><strong>Wuchs<\/strong><\/h5>\n\n\n\n<p>Die Kanaren-Glockenblume ist eine ausdauernde Kletterstaude, die kriechend oder kletternd eine L\u00e4nge von 150-400cm erreicht. Die Laubbl\u00e4tter sind gegenst\u00e4ndig, ungeteilt und k\u00f6nnen herz-, pfeil- bis eif\u00f6rmig ausgeformt sein. Der Blattrand ist stets gez\u00e4hnt.<\/p>\n\n\n\n<h5><strong>Bl\u00fcten<\/strong><\/h5>\n\n\n\n<p>Die in den oberen Blattachseln angeordneten, glockenf\u00f6rmigen Bl\u00fcten von&nbsp;<em>C. canariensis<\/em>erreichen eine Gr\u00f6\u00dfe von 4-6cm. Geformt wird diese von 6 Kronbl\u00e4ttern, die miteinander verwachsen sind. Die Krone ist gelb-orange bis rot-orange gef\u00e4rbt, und besitzt eine dunklere Nervung. Eine rein gelb bl\u00fchende Pflanze wurde im Norden von Gran Canaria. [3] Die Antheren sind im Kreis um den gro\u00dfen, keulenf\u00f6rmigen Griffel angeordnet. Nach erfolgter Best\u00e4ubung entwickeln sich 3 bis 4cm gro\u00dfe , gelbe Beerenfr\u00fcchte, die essbar sind.<\/p>\n\n\n\n<figure class=\"wp-block-image size-large\"><img decoding=\"async\" loading=\"lazy\" width=\"500\" height=\"750\" src=\"https:\/\/cypripedium.at\/wp-content\/uploads\/2019\/12\/Cannarina-canariensis.jpg\" alt=\"\" class=\"wp-image-21422\" srcset=\"https:\/\/cypripedium.at\/wp-content\/uploads\/2019\/12\/Cannarina-canariensis.jpg 500w, https:\/\/cypripedium.at\/wp-content\/uploads\/2019\/12\/Cannarina-canariensis-200x300.jpg 200w\" sizes=\"(max-width: 500px) 100vw, 500px\" \/><figcaption>Bl\u00fcte von&nbsp;<em>Canarina canariensis<\/em>, Kultur<\/figcaption><\/figure>\n\n\n\n<h5><strong>Best\u00e4ubung<\/strong><\/h5>\n\n\n\n<p>In Europa und Nordafrika gibt es keine V\u00f6gel, die auf die Best\u00e4ubung von Bl\u00fcten spezialisiert sind. Der Bl\u00fctenbau der&nbsp;<em>C. canariensis<\/em>, sowie auch von&nbsp;<em>Isoplexis canariensis<\/em>, sind explizit daf\u00fcr gebaut, um von nach&nbsp;&nbsp;Nektar suchenden V\u00f6geln best\u00e4ubt zu werden. Vermutlich sind die Best\u00e4uber w\u00e4hrend der Eiszeit ausgestorben. Diese \u00f6kologische Nische wurde bei der Kanaren-Glockenblume von einer Weidenlaubs\u00e4nger-Art (&nbsp;<em>Phylloscopus collybita canariensis<\/em>&nbsp;) und der Brillengrasm\u00fccke (&nbsp;<em>Sylvia conspicillata orbitalis<\/em>) bzw. bei&nbsp;<em>Isoplexis canariensis<\/em>&nbsp;von der Samtkopf-Grasm\u00fccke (&nbsp;<em>Sylvia melanocephala leucogastre<\/em>&nbsp;) besetzt. [4]<\/p>\n\n\n\n<p>Die Best\u00e4ubung der ostafrikanischen&nbsp;<em>Canarina<\/em>-Arten ist unbekannt. Es wird vermutet, dass ebenfalls V\u00f6gel die Best\u00e4ubung durchf\u00fchren.<\/p>\n\n\n\n<h4><strong>Vermehrung<\/strong><\/h4>\n\n\n\n<h5><strong>Aussaat<\/strong><\/h5>\n\n\n\n<p>Die feinen Samen werden, nachdem sie \u00fcber Nacht gew\u00e4ssert wurden, d\u00fcnn auf torfhaltige Aussaaterde ( mit 20% Perlit, pH 5,5-6,5) ges\u00e4t. Da es sich um einen Lichtkeimer handelt, werden die Samen nicht weiter abgedeckt. Die T\u00f6pfe werden hell bei 15-20\u00b0C aufgestellt und leicht feucht gehalten. Die Keimung erfolgt meistens rasch, nach Erreichen des zweiten Blattpaares sollten die S\u00e4mlinge vereinzelt werden.<\/p>\n\n\n\n<h5><strong>Stecklinge<\/strong><\/h5>\n\n\n\n<p>Wegen der erfolgversprechenden Aussaat wurden kaum Versuche mit Stecklingen durchgef\u00fchrt.<\/p>\n\n\n\n<h4><strong>Kultur<\/strong><\/h4>\n\n\n\n<p>Im Herbst, wenn die Nachttemperaturen zu sinken beginnen, beginnt&nbsp;<em>Canarina<\/em>&nbsp;mit dem Austrieb. Dies ist der Zeitpunkt, um mit Wassergaben zu beginnen, die entsprechend dem Wachstum zu steigern sind. W\u00f6chentliche D\u00fcngergaben ( 0,2%ig) f\u00f6rdern das Wachstum und die Bl\u00fctenbildung. Die Pflanzen sollten k\u00fchl bei 10-15\u00b0C \u00fcber die Wintermonate kultiviert werden. Da die Pflanze an schattige Standorte angepasst ist, sind auch die Lichtbed\u00fcrfnisse in Kultur bescheiden. Beginnend in den Fr\u00fchlingsmonaten bis in den fr\u00fchen Sommer erscheinen die Bl\u00fcten. Mit steigenden Tagestemperaturen beginnt die Ruhezeit. Mit der ersichtlichen braun-Verf\u00e4rbung der Bl\u00e4tter sind die Wassergaben zu reduzieren. Ist die Pflanze oberirdisch abgetrocknet, \u00fcberdauert die Rhizom-artige Wurzelknolle vollst\u00e4ndig trocken gehalten bis zum Neuaustrieb im Herbst.<\/p>\n\n\n\n<p>Die Pflanzen sind frostfrei zu kultivieren, auch kalte Zugluft ist nicht vertr\u00e4glich.<\/p>\n\n\n\n<h5><strong>Schnitt<\/strong><\/h5>\n\n\n\n<p>Die Pflanzen sind einem moderaten Schnitt gegen\u00fcber vertr\u00e4glich. Seitentriebe tragen zumeist eine gr\u00f6ssere Bl\u00fctenflor, weshalb der Haupttrieb entfernt werden kann \/ sollte.<\/p>\n\n\n\n<h5><strong>Sch\u00e4dlinge<\/strong><\/h5>\n\n\n\n<p>Bei Kultur mit geringer Luftfeuchtigkeit kann Befall mit Roter Spinnmilbe eintreten.<\/p>\n\n\n\n<h5><strong>Literatur<\/strong><\/h5>\n\n\n\n<p>[1]&nbsp;Bramwell, D. (1976):&nbsp;<em>The endemic flora of the Canary Islands<\/em>. In Kunkel, G. (ed), Biogeography and Ecology in the Canary Islands. Junk, The Hague, 207-240<br>[2] W. M. M. Eddie, T. V. Shulkina, J. F. Gaskin, R. C. Haberle &amp; R. K. Jansen (2003):&nbsp;<em>Phylogeny of Campanulaceae s. str. from ITS sequences of nuclear ribosomal DNA<\/em>. In:&nbsp;<em>Annals of the Missouri Botanical Garden<\/em>. Nr.&nbsp;90\/2003, S.&nbsp;554\u2013575.&nbsp;<br>[3] Hedberg, O.(1961):&nbsp;<em>Monograph of the genus Canarina L. (Campanulaceae)<\/em>.&nbsp;In: Svensk Botanisk Tidskrift. ISSN 0039-646X, Nr. 55\/1961, S. 1-62<br>[4]&nbsp;Schmidt, O., (2000):&nbsp;<em>Weidenv\u00f6gel.<\/em>&nbsp;In LWF-Bericht Nr.&nbsp;24, 2000\/4, Kapitel&nbsp;6; hrsg. von der&nbsp;<a href=\"http:\/\/de.wikipedia.org\/wiki\/Bayerisches_Staatsministerium_f%C3%BCr_Ern%C3%A4hrung,_Landwirtschaft_und_Forsten\">Bayerischen Landesanstalt f\u00fcr Wald und Forstwirtschaft<\/a>&nbsp;(LWF)<\/p>\n\n\n\n<p class=\"has-text-align-center\"><em>Gerhard Raschun jun., am 27.07.2010<\/em><\/p>\n","protected":false},"excerpt":{"rendered":"<p>Canarina canariensis, in wenigen Monaten vom Samen bis zur Bl\u00fcte Die Anzucht aus Samen und Weiterkultur bis zur Bl\u00fcte von&nbsp;Canaria canariensis&nbsp;ist sehr einfach und rasch zu bew\u00e4ltigen. Die Kanaren-Glockenblumen erweist sich dabei als sehr kulturw\u00fcrdige Zimmerpflanze, die mit wundersch\u00f6nen, orangen Glocken bereits 4 Monate nach der Aussaat beim Autor erbl\u00fchte. Systematik Der Gattung&nbsp;Canarina&nbsp;werden 3 Arten [&hellip;]<\/p>\n","protected":false},"author":1,"featured_media":22979,"comment_status":"closed","ping_status":"open","sticky":false,"template":"","format":"standard","meta":[],"categories":[151],"tags":[],"_links":{"self":[{"href":"https:\/\/cypripedium.at\/index.php?rest_route=\/wp\/v2\/posts\/21418"}],"collection":[{"href":"https:\/\/cypripedium.at\/index.php?rest_route=\/wp\/v2\/posts"}],"about":[{"href":"https:\/\/cypripedium.at\/index.php?rest_route=\/wp\/v2\/types\/post"}],"author":[{"embeddable":true,"href":"https:\/\/cypripedium.at\/index.php?rest_route=\/wp\/v2\/users\/1"}],"replies":[{"embeddable":true,"href":"https:\/\/cypripedium.at\/index.php?rest_route=%2Fwp%2Fv2%2Fcomments&post=21418"}],"version-history":[{"count":3,"href":"https:\/\/cypripedium.at\/index.php?rest_route=\/wp\/v2\/posts\/21418\/revisions"}],"predecessor-version":[{"id":22981,"href":"https:\/\/cypripedium.at\/index.php?rest_route=\/wp\/v2\/posts\/21418\/revisions\/22981"}],"wp:featuredmedia":[{"embeddable":true,"href":"https:\/\/cypripedium.at\/index.php?rest_route=\/wp\/v2\/media\/22979"}],"wp:attachment":[{"href":"https:\/\/cypripedium.at\/index.php?rest_route=%2Fwp%2Fv2%2Fmedia&parent=21418"}],"wp:term":[{"taxonomy":"category","embeddable":true,"href":"https:\/\/cypripedium.at\/index.php?rest_route=%2Fwp%2Fv2%2Fcategories&post=21418"},{"taxonomy":"post_tag","embeddable":true,"href":"https:\/\/cypripedium.at\/index.php?rest_route=%2Fwp%2Fv2%2Ftags&post=21418"}],"curies":[{"name":"wp","href":"https:\/\/api.w.org\/{rel}","templated":true}]}}